{"id":211,"date":"2023-09-25T10:52:16","date_gmt":"2023-09-25T08:52:16","guid":{"rendered":"https:\/\/portal.kre.hu\/kresc\/?p=211"},"modified":"2023-09-25T11:47:15","modified_gmt":"2023-09-25T09:47:15","slug":"a-karoli-csapata-europa-masodik-legjobb-egyetemi-strandkezilabda-csapata","status":"publish","type":"post","link":"https:\/\/portal.kre.hu\/kresc\/a-karoli-csapata-europa-masodik-legjobb-egyetemi-strandkezilabda-csapata\/","title":{"rendered":"A K\u00e1roli csapata Eur\u00f3pa m\u00e1sodik legjobb egyetemi strandk\u00e9zilabda csapata!"},"content":{"rendered":"\n<p class=\"wp-block-paragraph\">V\u00e9get \u00e9rt a 2023-as Eur\u00f3pai Egyetemi Strandsport Bajnoks\u00e1g Malag\u00e1ban, ahol egyetem\u00fcnk strandk\u00e9zilabda \u00e9s strandr\u00f6plabda csapata is r\u00e9szt vett. El\u0151bbi csapatunk a d\u00f6nt\u0151ig menetelt, r\u00f6plabd\u00e1saink azonban nehezebben vett\u00e9k az akad\u00e1lyokat.<\/p>\n\n\n\n<p class=\"wp-block-paragraph\">A malagai Eur\u00f3pai Egyetemi Strandk\u00e9zilabda Bajnoks\u00e1g csoportk\u00f6r\u00e9ben, veretlen\u00fcl, csup\u00e1n k\u00e9t f\u00e9lid\u0151t vesz\u00edtve jutott tov\u00e1bb egyetem\u00fcnk csapata az el\u0151d\u00f6nt\u0151be, ahol k\u00f6nny\u0171 szerrel m\u00falta fel\u00fcl n\u00e9met ellenfel\u00e9t. A d\u00f6nt\u0151ben a h\u00e1zigazd\u00e1k ellen kellett teljes\u00edteni, azonban a ki\u00e9lezett k\u00fczdelemben 25-20 \u00e9s 24-18 f\u00e9lidei eredm\u00e9nyekkel, 2-0-\u00e1s \u00f6sszes\u00edt\u00e9sben gy\u0151z\u00f6tt a malagai ellenfel\u00fcnk, \u00edgy csapatunk a m\u00e1sodik helyen v\u00e9gzett a nemzetk\u00f6zi torn\u00e1n.<\/p>\n\n\n<div class=\"wp-block-image\">\n<figure class=\"aligncenter size-large is-resized\"><img loading=\"lazy\" decoding=\"async\" src=\"https:\/\/portal.kre.hu\/kresc\/wp-content\/uploads\/2023\/09\/IMG_7085-1024x683.jpg\" alt=\"\" class=\"wp-image-209\" style=\"object-fit:contain;width:500px;height:357px\" width=\"500\" height=\"357\"\/><\/figure>\n<\/div>\n\n\n<p class=\"wp-block-paragraph\">Az ez\u00fcst\u00e9rem mellett a torna leg\u00e9rt\u00e9kesebb j\u00e1t\u00e9kos\u00e1nak (MVP) Vajda Luc\u00e1t v\u00e1lasztott\u00e1k, aki 6 m\u00e9rk\u0151z\u00e9sen 85 g\u00f3lt dobott.<\/p>\n\n\n<div class=\"wp-block-image\">\n<figure class=\"aligncenter size-large is-resized\"><img loading=\"lazy\" decoding=\"async\" src=\"https:\/\/portal.kre.hu\/kresc\/wp-content\/uploads\/2023\/09\/IMG_6969-683x1024.jpg\" alt=\"\" class=\"wp-image-205\" style=\"width:235px;height:352px\" width=\"235\" height=\"352\" srcset=\"https:\/\/portal.kre.hu\/kresc\/wp-content\/uploads\/2023\/09\/IMG_6969-683x1024.jpg 683w, https:\/\/portal.kre.hu\/kresc\/wp-content\/uploads\/2023\/09\/IMG_6969-200x300.jpg 200w, https:\/\/portal.kre.hu\/kresc\/wp-content\/uploads\/2023\/09\/IMG_6969-768x1152.jpg 768w, https:\/\/portal.kre.hu\/kresc\/wp-content\/uploads\/2023\/09\/IMG_6969.jpg 800w\" sizes=\"auto, (max-width: 235px) 100vw, 235px\" \/><\/figure>\n<\/div>\n\n\n<p class=\"wp-block-paragraph\">Strandk\u00e9zilabda csapatunk tagjai:<br>Doszpoth Zsuzsanna, V\u00e1g\u00f3 Krisztina, Tall\u00e9r Zs\u00f3fia, V\u00e1s\u00e1rhely R\u00e9ka, Lov\u00e1sz Brigitta, Sz\u0171cs Fanni, Horti Lili\u00e1na, Vajda Luca, Ga\u00e1l Dorina R\u00e9ka, H\u00e1rsfalvi Zs\u00f3fia<br>Edz\u0151: Kuhn M\u00e1rton<\/p>\n\n\n\n<p class=\"wp-block-paragraph\">Strandr\u00f6plabda csapatunk tagjai:<br>Papp D\u00f3ra Lujza, Lisztes Lili<br>Edz\u0151: P\u00e1li Petra<\/p>\n\n\n\n<p class=\"wp-block-paragraph\">Strandk\u00e9zilabda eredm\u00e9nyek:<br>Csoportk\u00f6r:<br>University of Goettingen \u2013 <strong>KRE<\/strong> 0-2 (16:20, 6:23)<br><strong>KRE <\/strong>\u2013 University of Malaga 2-1 (18:16, 12:25, 10:8)<br><strong>KRE <\/strong>\u00ad\u2013 University of Porto 2-1 (12:21, 21:16, 9:6)<br>German Sport University Cologne \u2013 <strong>KRE <\/strong>0-2 (16:28, 10:18)<br>El\u0151d\u00f6nt\u0151:<br><strong>KRE <\/strong>\u00ad- Karlsruhe Institute of Technology 2-0 (24:12, 24:12)<br>D\u00f6nt\u0151:<br><strong>KRE <\/strong>\u2013 University of Malaga 0-2 (20:25, 18:24)<\/p>\n\n\n\n<figure class=\"wp-block-gallery has-nested-images columns-default is-cropped wp-block-gallery-1 is-layout-flex wp-block-gallery-is-layout-flex\">\n<figure class=\"wp-block-image size-large\"><img loading=\"lazy\" decoding=\"async\" width=\"1024\" height=\"683\" data-id=\"208\" src=\"https:\/\/portal.kre.hu\/kresc\/wp-content\/uploads\/2023\/09\/IMG_4865-1024x683.jpg\" alt=\"\" class=\"wp-image-208\" srcset=\"https:\/\/portal.kre.hu\/kresc\/wp-content\/uploads\/2023\/09\/IMG_4865-1024x683.jpg 1024w, https:\/\/portal.kre.hu\/kresc\/wp-content\/uploads\/2023\/09\/IMG_4865-300x200.jpg 300w, https:\/\/portal.kre.hu\/kresc\/wp-content\/uploads\/2023\/09\/IMG_4865-768x512.jpg 768w, https:\/\/portal.kre.hu\/kresc\/wp-content\/uploads\/2023\/09\/IMG_4865.jpg 1200w\" sizes=\"auto, (max-width: 1024px) 100vw, 1024px\" \/><\/figure>\n\n\n\n<figure class=\"wp-block-image size-large\"><img loading=\"lazy\" decoding=\"async\" width=\"1024\" height=\"683\" data-id=\"206\" src=\"https:\/\/portal.kre.hu\/kresc\/wp-content\/uploads\/2023\/09\/IMG_0598-1024x683.jpg\" alt=\"\" class=\"wp-image-206\" srcset=\"https:\/\/portal.kre.hu\/kresc\/wp-content\/uploads\/2023\/09\/IMG_0598-1024x683.jpg 1024w, https:\/\/portal.kre.hu\/kresc\/wp-content\/uploads\/2023\/09\/IMG_0598-300x200.jpg 300w, https:\/\/portal.kre.hu\/kresc\/wp-content\/uploads\/2023\/09\/IMG_0598-768x512.jpg 768w, https:\/\/portal.kre.hu\/kresc\/wp-content\/uploads\/2023\/09\/IMG_0598.jpg 1200w\" sizes=\"auto, (max-width: 1024px) 100vw, 1024px\" \/><\/figure>\n\n\n\n<figure class=\"wp-block-image size-large\"><img loading=\"lazy\" decoding=\"async\" width=\"1024\" height=\"683\" data-id=\"207\" src=\"https:\/\/portal.kre.hu\/kresc\/wp-content\/uploads\/2023\/09\/IMG_4742-1024x683.jpg\" alt=\"\" class=\"wp-image-207\" srcset=\"https:\/\/portal.kre.hu\/kresc\/wp-content\/uploads\/2023\/09\/IMG_4742-1024x683.jpg 1024w, https:\/\/portal.kre.hu\/kresc\/wp-content\/uploads\/2023\/09\/IMG_4742-300x200.jpg 300w, https:\/\/portal.kre.hu\/kresc\/wp-content\/uploads\/2023\/09\/IMG_4742-768x512.jpg 768w, https:\/\/portal.kre.hu\/kresc\/wp-content\/uploads\/2023\/09\/IMG_4742.jpg 1200w\" sizes=\"auto, (max-width: 1024px) 100vw, 1024px\" \/><\/figure>\n<\/figure>\n","protected":false},"excerpt":{"rendered":"<p>V\u00e9get \u00e9rt a 2023-as Eur\u00f3pai Egyetemi Strandsport Bajnoks\u00e1g Malag\u00e1ban, ahol egyetem\u00fcnk strandk\u00e9zilabda \u00e9s strandr\u00f6plabda csapata is r\u00e9szt vett. El\u0151bbi csapatunk a d\u00f6nt\u0151ig menetelt, r\u00f6plabd\u00e1saink azonban nehezebben vett\u00e9k az akad\u00e1lyokat.<\/p>\n","protected":false},"author":1,"featured_media":210,"comment_status":"open","ping_status":"open","sticky":false,"template":"","format":"standard","meta":{"footnotes":""},"categories":[2],"tags":[15,13,14],"class_list":["post-211","post","type-post","status-publish","format-standard","has-post-thumbnail","hentry","category-hirek","tag-europai-egyetemi-strandsport-bajnoksag","tag-strandkezilabda","tag-strandroplabda"],"_links":{"self":[{"href":"https:\/\/portal.kre.hu\/kresc\/wp-json\/wp\/v2\/posts\/211","targetHints":{"allow":["GET"]}}],"collection":[{"href":"https:\/\/portal.kre.hu\/kresc\/wp-json\/wp\/v2\/posts"}],"about":[{"href":"https:\/\/portal.kre.hu\/kresc\/wp-json\/wp\/v2\/types\/post"}],"author":[{"embeddable":true,"href":"https:\/\/portal.kre.hu\/kresc\/wp-json\/wp\/v2\/users\/1"}],"replies":[{"embeddable":true,"href":"https:\/\/portal.kre.hu\/kresc\/wp-json\/wp\/v2\/comments?post=211"}],"version-history":[{"count":3,"href":"https:\/\/portal.kre.hu\/kresc\/wp-json\/wp\/v2\/posts\/211\/revisions"}],"predecessor-version":[{"id":214,"href":"https:\/\/portal.kre.hu\/kresc\/wp-json\/wp\/v2\/posts\/211\/revisions\/214"}],"wp:featuredmedia":[{"embeddable":true,"href":"https:\/\/portal.kre.hu\/kresc\/wp-json\/wp\/v2\/media\/210"}],"wp:attachment":[{"href":"https:\/\/portal.kre.hu\/kresc\/wp-json\/wp\/v2\/media?parent=211"}],"wp:term":[{"taxonomy":"category","embeddable":true,"href":"https:\/\/portal.kre.hu\/kresc\/wp-json\/wp\/v2\/categories?post=211"},{"taxonomy":"post_tag","embeddable":true,"href":"https:\/\/portal.kre.hu\/kresc\/wp-json\/wp\/v2\/tags?post=211"}],"curies":[{"name":"wp","href":"https:\/\/api.w.org\/{rel}","templated":true}]}}