{"id":515,"date":"2025-05-12T09:37:30","date_gmt":"2025-05-12T07:37:30","guid":{"rendered":"https:\/\/portal.kre.hu\/kresc\/?p=515"},"modified":"2025-05-12T09:38:19","modified_gmt":"2025-05-12T07:38:19","slug":"akik-nelkul-nincs-egyetemi-sport-harom-kiemelkedo-sportirodai-teljesitmeny","status":"publish","type":"post","link":"https:\/\/portal.kre.hu\/kresc\/akik-nelkul-nincs-egyetemi-sport-harom-kiemelkedo-sportirodai-teljesitmeny\/","title":{"rendered":"Akik n\u00e9lk\u00fcl nincs egyetemi sport \u2013 h\u00e1rom kiemelked\u0151 sportirodai teljes\u00edtm\u00e9ny"},"content":{"rendered":"\n<p class=\"wp-block-paragraph\">A Magyar Egyetemi-F\u0151iskolai Sportsz\u00f6vets\u00e9g (MEFS) \u00e9ves K\u00f6zgy\u0171l\u00e9s\u00e9n a K\u00e1roli G\u00e1sp\u00e1r Reform\u00e1tus Egyetem kiv\u00e9teles elismer\u00e9sben r\u00e9szes\u00fclt: h\u00e1rom munkat\u00e1rsunk is d\u00edjat vehetett \u00e1t az egyetemi sport\u00e9let \u00e9rdek\u00e9ben v\u00e9gzett kimagasl\u00f3 szervez\u0151i \u00e9s k\u00f6z\u00f6ss\u00e9g\u00e9p\u00edt\u0151 munk\u00e1j\u00e1\u00e9rt. Az esem\u00e9ny m\u00e9rf\u00f6ldk\u0151 egyetem\u00fcnk sport\u00e9let\u00e9ben \u2013 nemcsak a kit\u00fcntet\u00e9sek sz\u00e1ma, hanem azok \u00fczenete miatt is: az elismer\u00e9sek azt a sokszor l\u00e1thatatlan, m\u00e9gis n\u00e9lk\u00fcl\u00f6zhetetlen h\u00e1tt\u00e9rmunk\u00e1t d\u00edjazz\u00e1k, amely lehet\u0151v\u00e9 teszi, hogy hallgat\u00f3ink a sportban is kiteljesedhessenek.<\/p>\n\n\n\n<p class=\"wp-block-paragraph\">Az okleveleket Mocsai Lajos, a MEFS eln\u00f6ke \u00e9s Freyer Tam\u00e1s f\u0151titk\u00e1r adt\u00e1k \u00e1t \u2013 ez\u00faton is k\u00f6sz\u00f6nj\u00fck elismer\u00e9s\u00fcket \u00e9s a bizalmat, amellyel munkat\u00e1rsaink szakmai tev\u00e9kenys\u00e9g\u00e9t m\u00e9ltatt\u00e1k.<\/p>\n\n\n<div class=\"wp-block-image\">\n<figure class=\"aligncenter size-large is-resized\"><img loading=\"lazy\" decoding=\"async\" width=\"1024\" height=\"682\" src=\"https:\/\/portal.kre.hu\/kresc\/wp-content\/uploads\/2025\/05\/IMG_8336-1024x682.jpg\" alt=\"Szab\u00f3 No\u00e9mi kit\u00fcntetett fot\u00f3\" class=\"wp-image-517\" style=\"width:400px\" srcset=\"https:\/\/portal.kre.hu\/kresc\/wp-content\/uploads\/2025\/05\/IMG_8336-1024x682.jpg 1024w, https:\/\/portal.kre.hu\/kresc\/wp-content\/uploads\/2025\/05\/IMG_8336-300x200.jpg 300w, https:\/\/portal.kre.hu\/kresc\/wp-content\/uploads\/2025\/05\/IMG_8336-768x511.jpg 768w, https:\/\/portal.kre.hu\/kresc\/wp-content\/uploads\/2025\/05\/IMG_8336.jpg 1200w\" sizes=\"auto, (max-width: 1024px) 100vw, 1024px\" \/><\/figure>\n<\/div>\n\n\n<p class=\"wp-block-paragraph\"><strong>Szab\u00f3 No\u00e9mi<\/strong> a <strong>G\u00e9d\u00e9nyi Mih\u00e1ly Eln\u00f6ki Elismer\u0151 Oklev\u00e9l<\/strong> kit\u00fcntetettjek\u00e9nt kapott elismer\u00e9st. A d\u00edjat azok a nem oktat\u00f3i munkak\u00f6rben dolgoz\u00f3 szakemberek nyerhetik el, akik n\u00e9lk\u00fcl\u00f6zhetetlen szerepet v\u00e1llalnak az egyetemi sport m\u0171k\u00f6dtet\u00e9s\u00e9ben \u00e9s szervez\u00e9s\u00e9ben. No\u00e9mi sok\u00e9ves, nagyfok\u00fa szakmai tud\u00e1ssal \u00e9s elk\u00f6telezetts\u00e9ggel v\u00e9gzett munk\u00e1ja stabil alapot teremtett a K\u00e1roli sportirod\u00e1j\u00e1nak fejl\u0151d\u00e9s\u00e9hez, valamint sz\u00e1mos sportesem\u00e9ny, kezdem\u00e9nyez\u00e9s \u00e9s sikeres projekt k\u00f6thet\u0151 nev\u00e9hez, amelyek nemcsak szervez\u00e9si szempontb\u00f3l jelent\u0151sek, de k\u00f6z\u00f6ss\u00e9gform\u00e1l\u00f3 erej\u00fck is megk\u00e9rd\u0151jelezhetetlen.<\/p>\n\n\n<div class=\"wp-block-image\">\n<figure class=\"aligncenter size-large is-resized\"><img loading=\"lazy\" decoding=\"async\" width=\"1024\" height=\"682\" src=\"https:\/\/portal.kre.hu\/kresc\/wp-content\/uploads\/2025\/05\/IMG_8338-1024x682.jpg\" alt=\"Tr\u00f3cs\u00e1nyi Hanna kit\u00fcntetett fot\u00f3\" class=\"wp-image-518\" style=\"width:400px\" srcset=\"https:\/\/portal.kre.hu\/kresc\/wp-content\/uploads\/2025\/05\/IMG_8338-1024x682.jpg 1024w, https:\/\/portal.kre.hu\/kresc\/wp-content\/uploads\/2025\/05\/IMG_8338-300x200.jpg 300w, https:\/\/portal.kre.hu\/kresc\/wp-content\/uploads\/2025\/05\/IMG_8338-768x511.jpg 768w, https:\/\/portal.kre.hu\/kresc\/wp-content\/uploads\/2025\/05\/IMG_8338.jpg 1200w\" sizes=\"auto, (max-width: 1024px) 100vw, 1024px\" \/><\/figure>\n<\/div>\n\n\n<p class=\"wp-block-paragraph\"><strong>Tr\u00f3cs\u00e1nyi Hanna<\/strong> a <strong>N\u00e9meth Ang\u00e9la Magyar Egyetemi Sport\u00e9rt \u00c9rdem\u00e9rem<\/strong> d\u00edjazottja lett. Az \u00e9rdem\u00e9rem olyan fiatal szakembereknek adhat\u00f3, akik m\u00e9g nem t\u00f6lt\u00f6tt\u00e9k be 35. \u00e9let\u00e9v\u00fcket, \u00e1m m\u00e1r hossz\u00fa \u00e9vek \u00f3ta meghat\u00e1roz\u00f3 szerepet t\u00f6ltenek be az egyetemi sport szervez\u00e9s\u00e9ben. Hanna kiv\u00e9teles dinamizmussal, emp\u00e1ti\u00e1val \u00e9s szakmai ig\u00e9nyess\u00e9ggel v\u00e9gzi munk\u00e1j\u00e1t, amely jelent\u0151sen hozz\u00e1j\u00e1rult ahhoz, hogy hallgat\u00f3ink akt\u00edv, sportos k\u00f6z\u00f6ss\u00e9g r\u00e9szek\u00e9nt \u00e9lhess\u00e9k meg egyetemi \u00e9veiket.<\/p>\n\n\n<div class=\"wp-block-image\">\n<figure class=\"aligncenter size-large is-resized\"><img loading=\"lazy\" decoding=\"async\" width=\"1024\" height=\"682\" src=\"https:\/\/portal.kre.hu\/kresc\/wp-content\/uploads\/2025\/05\/IMG_8335-1024x682.jpg\" alt=\"Orosz \u00c1d\u00e1m Rich\u00e1rd kit\u00fcntetett fot\u00f3\" class=\"wp-image-519\" style=\"width:400px\" srcset=\"https:\/\/portal.kre.hu\/kresc\/wp-content\/uploads\/2025\/05\/IMG_8335-1024x682.jpg 1024w, https:\/\/portal.kre.hu\/kresc\/wp-content\/uploads\/2025\/05\/IMG_8335-300x200.jpg 300w, https:\/\/portal.kre.hu\/kresc\/wp-content\/uploads\/2025\/05\/IMG_8335-768x511.jpg 768w, https:\/\/portal.kre.hu\/kresc\/wp-content\/uploads\/2025\/05\/IMG_8335.jpg 1200w\" sizes=\"auto, (max-width: 1024px) 100vw, 1024px\" \/><\/figure>\n<\/div>\n\n\n<p class=\"wp-block-paragraph\"><strong>Orosz \u00c1d\u00e1m Rich\u00e1rd<\/strong> a <strong>Halassy Oliv\u00e9r Hallgat\u00f3i D\u00edjat<\/strong> vehette \u00e1t, amelyet azok a hallgat\u00f3k \u00e9rdemelhetnek ki, akik \u00f6nk\u00e9ntes alapon a legt\u00f6bbet tett\u00e9k a szabadid\u0151sport n\u00e9pszer\u0171s\u00edt\u00e9s\u00e9\u00e9rt \u00e9s szervez\u00e9s\u00e9\u00e9rt. \u00c1d\u00e1m akt\u00edv, lelkes jelenl\u00e9te, kreat\u00edv \u00f6tletei \u00e9s k\u00f6z\u00f6ss\u00e9g\u00e9p\u00edt\u0151 tev\u00e9kenys\u00e9ge r\u00e9v\u00e9n kiemelked\u0151 alakj\u00e1v\u00e1 v\u00e1lt az egyetemi sport\u00e9letnek \u2013 p\u00e9ldamutat\u00f3 munk\u00e1ja m\u00e9lt\u00e1n v\u00e1lt ki elismer\u00e9st szakmai \u00e9s hallgat\u00f3i k\u00f6r\u00f6kben egyar\u00e1nt.<\/p>\n\n\n<div class=\"wp-block-image\">\n<figure class=\"aligncenter size-large is-resized\"><img loading=\"lazy\" decoding=\"async\" width=\"1024\" height=\"682\" src=\"https:\/\/portal.kre.hu\/kresc\/wp-content\/uploads\/2025\/05\/IMG_8334-1024x682.jpg\" alt=\"Kit\u00fcntetettek k\u00e9p\" class=\"wp-image-521\" style=\"width:400px\" srcset=\"https:\/\/portal.kre.hu\/kresc\/wp-content\/uploads\/2025\/05\/IMG_8334-1024x682.jpg 1024w, https:\/\/portal.kre.hu\/kresc\/wp-content\/uploads\/2025\/05\/IMG_8334-300x200.jpg 300w, https:\/\/portal.kre.hu\/kresc\/wp-content\/uploads\/2025\/05\/IMG_8334-768x511.jpg 768w, https:\/\/portal.kre.hu\/kresc\/wp-content\/uploads\/2025\/05\/IMG_8334.jpg 1200w\" sizes=\"auto, (max-width: 1024px) 100vw, 1024px\" \/><\/figure>\n<\/div>\n\n\n<p class=\"wp-block-paragraph\">E h\u00e1rom kit\u00fcntet\u00e9s nem csup\u00e1n az egy\u00e9ni teljes\u00edtm\u00e9nyek m\u00e9lt\u00f3 visszaigazol\u00e1sa, hanem egyben t\u00f6rt\u00e9nelmi jelent\u0151s\u00e9g\u0171 pillanat is egyetem\u00fcnk sport\u00e9let\u00e9ben. Koll\u00e9g\u00e1ink munk\u00e1ja nyom\u00e1n egyre sz\u00e9lesebb k\u00f6rben v\u00e1lik el\u00e9rhet\u0151v\u00e9 \u00e9s \u00e9lhet\u0151v\u00e9 a sport az egyetemi k\u00f6z\u00f6ss\u00e9g minden tagja sz\u00e1m\u00e1ra.<\/p>\n\n\n\n<p class=\"wp-block-paragraph\">Sz\u00edvb\u0151l gratul\u00e1lunk a d\u00edjazottaknak! K\u00f6sz\u00f6nj\u00fck, hogy p\u00e9lda\u00e9rt\u00e9k\u0171 elk\u00f6telezetts\u00e9g\u00fckkel nap mint nap hozz\u00e1j\u00e1rulnak ahhoz, hogy a sport egyetem\u00fcnk szerves \u00e9s meghat\u00e1roz\u00f3 r\u00e9sz\u00e9v\u00e9 v\u00e1ljon. H\u00e1l\u00e1sak vagyunk a gyakran h\u00e1tt\u00e9rben zajl\u00f3, m\u00e9gis kimagasl\u00f3 hat\u00e1s\u00fa munk\u00e1\u00e9rt, amellyel \u00e9vr\u0151l \u00e9vre gazdag\u00edtj\u00e1k, fejlesztik \u00e9s el\u0151remozd\u00edtj\u00e1k a K\u00e1roli sport\u00e9let\u00e9t, lehet\u0151s\u00e9get teremtve a j\u00f6v\u0151 sikereire.<\/p>\n","protected":false},"excerpt":{"rendered":"<p>A Magyar Egyetemi-F\u0151iskolai Sportsz\u00f6vets\u00e9g (MEFS) \u00e9ves K\u00f6zgy\u0171l\u00e9s\u00e9n a K\u00e1roli G\u00e1sp\u00e1r Reform\u00e1tus Egyetem kiv\u00e9teles elismer\u00e9sben r\u00e9szes\u00fclt: h\u00e1rom munkat\u00e1rsunk is d\u00edjat vehetett \u00e1t az egyetemi sport\u00e9let \u00e9rdek\u00e9ben v\u00e9gzett kimagasl\u00f3 szervez\u0151i \u00e9s k\u00f6z\u00f6ss\u00e9g\u00e9p\u00edt\u0151 munk\u00e1j\u00e1\u00e9rt. Az esem\u00e9ny m\u00e9rf\u00f6ldk\u0151 egyetem\u00fcnk sport\u00e9let\u00e9ben \u2013 nemcsak a kit\u00fcntet\u00e9sek sz\u00e1ma, hanem azok \u00fczenete miatt is: az elismer\u00e9sek azt a sokszor l\u00e1thatatlan, m\u00e9gis n\u00e9lk\u00fcl\u00f6zhetetlen h\u00e1tt\u00e9rmunk\u00e1t d\u00edjazz\u00e1k, amely lehet\u0151v\u00e9 teszi, hogy hallgat\u00f3ink a sportban is kiteljesedhessenek.<br \/>\nAz okleveleket Mocsai Lajos, a MEFS eln\u00f6ke \u00e9s Freyer Tam\u00e1s f\u0151titk\u00e1r adt\u00e1k \u00e1t \u2013 ez\u00faton is k\u00f6sz\u00f6nj\u00fck elismer\u00e9s\u00fcket \u00e9s a bizalmat, amellyel munkat\u00e1rsaink szakmai tev\u00e9kenys\u00e9g\u00e9t m\u00e9ltatt\u00e1k.<\/p>\n","protected":false},"author":1,"featured_media":516,"comment_status":"open","ping_status":"open","sticky":false,"template":"","format":"standard","meta":{"footnotes":""},"categories":[2],"tags":[26,27,25],"class_list":["post-515","post","type-post","status-publish","format-standard","has-post-thumbnail","hentry","category-hirek","tag-egyetemi-sport","tag-kiemelkedo-teljesitmeny","tag-kituntetett"],"_links":{"self":[{"href":"https:\/\/portal.kre.hu\/kresc\/wp-json\/wp\/v2\/posts\/515","targetHints":{"allow":["GET"]}}],"collection":[{"href":"https:\/\/portal.kre.hu\/kresc\/wp-json\/wp\/v2\/posts"}],"about":[{"href":"https:\/\/portal.kre.hu\/kresc\/wp-json\/wp\/v2\/types\/post"}],"author":[{"embeddable":true,"href":"https:\/\/portal.kre.hu\/kresc\/wp-json\/wp\/v2\/users\/1"}],"replies":[{"embeddable":true,"href":"https:\/\/portal.kre.hu\/kresc\/wp-json\/wp\/v2\/comments?post=515"}],"version-history":[{"count":2,"href":"https:\/\/portal.kre.hu\/kresc\/wp-json\/wp\/v2\/posts\/515\/revisions"}],"predecessor-version":[{"id":522,"href":"https:\/\/portal.kre.hu\/kresc\/wp-json\/wp\/v2\/posts\/515\/revisions\/522"}],"wp:featuredmedia":[{"embeddable":true,"href":"https:\/\/portal.kre.hu\/kresc\/wp-json\/wp\/v2\/media\/516"}],"wp:attachment":[{"href":"https:\/\/portal.kre.hu\/kresc\/wp-json\/wp\/v2\/media?parent=515"}],"wp:term":[{"taxonomy":"category","embeddable":true,"href":"https:\/\/portal.kre.hu\/kresc\/wp-json\/wp\/v2\/categories?post=515"},{"taxonomy":"post_tag","embeddable":true,"href":"https:\/\/portal.kre.hu\/kresc\/wp-json\/wp\/v2\/tags?post=515"}],"curies":[{"name":"wp","href":"https:\/\/api.w.org\/{rel}","templated":true}]}}