{"id":727,"date":"2026-05-22T13:32:10","date_gmt":"2026-05-22T11:32:10","guid":{"rendered":"https:\/\/portal.kre.hu\/kresc\/?p=727"},"modified":"2026-05-22T13:59:57","modified_gmt":"2026-05-22T11:59:57","slug":"mozgasban-a-lelek-amikor-a-velencei-to-partjan-a-kozosseg-is-utra-kelt","status":"publish","type":"post","link":"https:\/\/portal.kre.hu\/kresc\/mozgasban-a-lelek-amikor-a-velencei-to-partjan-a-kozosseg-is-utra-kelt\/","title":{"rendered":"Mozg\u00e1sban a l\u00e9lek \u2013 amikor a Velencei-t\u00f3 partj\u00e1n a k\u00f6z\u00f6ss\u00e9g is \u00fatra kelt"},"content":{"rendered":"<p>M\u00e1jus 14-\u00e9n, \u00e1ldoz\u00f3cs\u00fct\u00f6rt\u00f6k reggel\u00e9n nem egy szokv\u00e1nyos egyetemi programra gy\u00fclekeztek a r\u00e9sztvev\u0151k. Fut\u00f3cip\u0151k, ker\u00e9kp\u00e1rok, h\u00e1tizs\u00e1kok, kulacsok \u00e9s mosolyok jelezt\u00e9k: ez a nap most m\u00e1sr\u00f3l fog sz\u00f3lni. A <strong>K\u00e1roli Egyetemi Lelk\u00e9szs\u00e9g \u00e9s a KRE SC<\/strong> k\u00f6z\u00f6s, els\u0151 alkalommal megszervezett <strong>\u201eMozg\u00e1sban a l\u00e9lek \u2013 Felt\u00f6lt\u0151 napja\u201d<\/strong> hagyom\u00e1nyteremt\u0151 sz\u00e1nd\u00e9kkal indult, \u00e9s m\u00e1r az els\u0151 esem\u00e9ny megmutatta, hogy val\u00f3di helye van a K\u00e1roli k\u00f6z\u00f6ss\u00e9gi \u00e9let\u00e9ben.<\/p>\n<p>Hatalmas \u00f6r\u00f6m volt, hogy magyar, illetve k\u00fclf\u00f6ldi hallgat\u00f3k, munkav\u00e1llal\u00f3k \u00e9s csal\u00e1dtagjaik egy\u00fcttesen v\u00e1gtak neki a programnak. Volt, aki k\u00e9t ker\u00e9ken indult neki a napnak, m\u00e1sok fut\u00f3l\u00e9p\u00e9sben fedezt\u00e9k fel a Velencei-t\u00f3 gy\u00f6ny\u00f6r\u0171 k\u00f6rny\u00e9k\u00e9t. A t\u00far\u00e1z\u00f3k a P\u00e1kozdi Reform\u00e1tus Gy\u00fclekezet vend\u00e9gl\u00e1t\u00e1sa \u00e9s Szab\u00f3 M\u00e1rk lelk\u00e9sz \u00e1h\u00edtata ut\u00e1n j\u00e1rt\u00e1k be a Velencei-hegys\u00e9g legszebb pontjait.<\/p>\n<p>Az utak v\u00e9g\u00fcl ugyanoda vezettek, a Dinny\u00e9si Templomkert Hagyom\u00e1ny\u0151rz\u0151 Turisztikai K\u00f6zpontba, ahol a r\u00e9sztvev\u0151k el tudtak csendesedni az Egyetemi Lelk\u00e9szs\u00e9g \u00e9s a Magyar Reform\u00e1tus Szeretetszolg\u00e1lat s\u00e1train\u00e1l.<br \/>\nD\u00e9lut\u00e1n kett\u0151kor a figyelem m\u00e1r nem a temp\u00f3ra \u00e9s a t\u00e1vokra ir\u00e1nyult. A templomkert csendj\u00e9ben k\u00f6z\u00f6s istentisztelet kezd\u0151d\u00f6tt Nemes Vitold egyetemi lelk\u00e9sz vezet\u00e9s\u00e9vel.<\/p>\n<p><em>\u201eAz utat, amit megtesz\u00fcnk egyszerre lehet egy fizikai \u00e9s lelki t\u00e1vols\u00e1gnak tekinteni. El\u0151bbit az\u00e9rt k\u00f6nny\u0171 lek\u00fczdeni, mert fizik\u00e1lisan megjelenik el\u0151tt\u00fcnk a t\u00e1vols\u00e1g. A lelki t\u00e1vols\u00e1g lek\u00fczd\u00e9s\u00e9ben pedig J\u00e9zus az \u00fat, az igazs\u00e1g \u00e9s az \u00e9let\u201d<\/em><\/p>\n<p>A \u201eMozg\u00e1sban a l\u00e9lek\u201d els\u0151 alkalma nem rekordokr\u00f3l, vagy teljes\u00edtm\u00e9nym\u00e9r\u00e9sr\u0151l sz\u00f3lt, sokkal ink\u00e1bb a hagyom\u00e1nyteremt\u00e9sr\u0151l \u00e9s a k\u00f6z\u00f6ss\u00e9g\u00e9p\u00edt\u00e9sr\u0151l!<br \/>\nK\u00fcl\u00f6n k\u00f6sz\u00f6nj\u00fck a P\u00e1kozdi Reform\u00e1tus Gy\u00fclekezet \u00e9s a Magyar Reform\u00e1tus Szeretetszolg\u00e1lat t\u00e1mogat\u00e1s\u00e1t a rendezv\u00e9ny sikeres megval\u00f3s\u00edt\u00e1s\u00e1ban!<\/p>\n<p style=\"text-align: center;\"><a href=\"https:\/\/portal.kre.hu\/images\/doc\/hirek\/2026\/05\/velencei-to\/IMG_600.jpeg\" target=\"_blank\" rel=\"noopener noreferrer\"> <img decoding=\"async\" style=\"margin: 4px 5px;\" src=\"https:\/\/portal.kre.hu\/images\/doc\/hirek\/2026\/05\/velencei-to\/IMG_600.jpeg\" alt=\"Mozg\u00e1sban a l\u00e9lek \u2013 amikor a Velencei-t\u00f3 partj\u00e1n a k\u00f6z\u00f6ss\u00e9g is \u00fatra kelt - fot\u00f3k\" width=\"230\" \/><\/a> <a href=\"https:\/\/portal.kre.hu\/images\/doc\/hirek\/2026\/05\/velencei-to\/IMG_6489.jpeg\" target=\"_blank\" rel=\"noopener noreferrer\"> <img decoding=\"async\" style=\"margin: 4px 5px;\" src=\"https:\/\/portal.kre.hu\/images\/doc\/hirek\/2026\/05\/velencei-to\/IMG_6489.jpeg\" alt=\"Mozg\u00e1sban a l\u00e9lek \u2013 amikor a Velencei-t\u00f3 partj\u00e1n a k\u00f6z\u00f6ss\u00e9g is \u00fatra kelt - fot\u00f3k\" width=\"230\" \/><\/a> <a href=\"https:\/\/portal.kre.hu\/images\/doc\/hirek\/2026\/05\/velencei-to\/IMG_6491.jpeg\" target=\"_blank\" rel=\"noopener noreferrer\"> <img decoding=\"async\" style=\"margin: 4px 5px 4px 5px;\" src=\"https:\/\/portal.kre.hu\/images\/doc\/hirek\/2026\/05\/velencei-to\/IMG_6491.jpeg\" alt=\"Mozg\u00e1sban a l\u00e9lek \u2013 amikor a Velencei-t\u00f3 partj\u00e1n a k\u00f6z\u00f6ss\u00e9g is \u00fatra kelt - fot\u00f3k\" width=\"130\" \/><\/a> <a href=\"https:\/\/portal.kre.hu\/images\/doc\/hirek\/2026\/05\/velencei-to\/IMG_6493.jpeg\" target=\"_blank\" rel=\"noopener noreferrer\"> <img decoding=\"async\" style=\"margin: 4px 5px 4px 5px;\" src=\"https:\/\/portal.kre.hu\/images\/doc\/hirek\/2026\/05\/velencei-to\/IMG_6493.jpeg\" alt=\"Mozg\u00e1sban a l\u00e9lek \u2013 amikor a Velencei-t\u00f3 partj\u00e1n a k\u00f6z\u00f6ss\u00e9g is \u00fatra kelt - fot\u00f3k\" width=\"130\" \/><\/a> <a href=\"https:\/\/portal.kre.hu\/images\/doc\/hirek\/2026\/05\/velencei-to\/IMG_6509.jpeg\" target=\"_blank\" rel=\"noopener noreferrer\"> <img decoding=\"async\" style=\"margin: 4px 5px;\" src=\"https:\/\/portal.kre.hu\/images\/doc\/hirek\/2026\/05\/velencei-to\/IMG_6509.jpeg\" alt=\"Mozg\u00e1sban a l\u00e9lek \u2013 amikor a Velencei-t\u00f3 partj\u00e1n a k\u00f6z\u00f6ss\u00e9g is \u00fatra kelt - fot\u00f3k\" width=\"230\" \/><\/a> <a href=\"https:\/\/portal.kre.hu\/images\/doc\/hirek\/2026\/05\/velencei-to\/IMG_6512.jpeg\" target=\"_blank\" rel=\"noopener noreferrer\"> <img decoding=\"async\" style=\"margin: 4px 5px 4px 5px;\" src=\"https:\/\/portal.kre.hu\/images\/doc\/hirek\/2026\/05\/velencei-to\/IMG_6512.jpeg\" alt=\"Mozg\u00e1sban a l\u00e9lek \u2013 amikor a Velencei-t\u00f3 partj\u00e1n a k\u00f6z\u00f6ss\u00e9g is \u00fatra kelt - fot\u00f3k\" width=\"130\" \/><\/a><\/p>\n","protected":false},"excerpt":{"rendered":"<p>M\u00e1jus 14-\u00e9n, \u00e1ldoz\u00f3cs\u00fct\u00f6rt\u00f6k reggel\u00e9n nem egy szokv\u00e1nyos egyetemi programra gy\u00fclekeztek a r\u00e9sztvev\u0151k. Fut\u00f3cip\u0151k, ker\u00e9kp\u00e1rok, h\u00e1tizs\u00e1kok, kulacsok \u00e9s mosolyok jelezt\u00e9k: ez a nap most m\u00e1sr\u00f3l fog sz\u00f3lni. A K\u00e1roli Egyetemi Lelk\u00e9szs\u00e9g \u00e9s a KRE SC k\u00f6z\u00f6s, els\u0151 alkalommal megszervezett \u201eMozg\u00e1sban a l\u00e9lek \u2013 Felt\u00f6lt\u0151 napja\u201d hagyom\u00e1nyteremt\u0151 sz\u00e1nd\u00e9kkal indult, \u00e9s m\u00e1r az els\u0151 esem\u00e9ny megmutatta, hogy val\u00f3di helye van a K\u00e1roli k\u00f6z\u00f6ss\u00e9gi \u00e9let\u00e9ben.<\/p>\n","protected":false},"author":1,"featured_media":728,"comment_status":"open","ping_status":"open","sticky":false,"template":"","format":"standard","meta":{"footnotes":""},"categories":[2],"tags":[],"class_list":["post-727","post","type-post","status-publish","format-standard","has-post-thumbnail","hentry","category-hirek"],"_links":{"self":[{"href":"https:\/\/portal.kre.hu\/kresc\/wp-json\/wp\/v2\/posts\/727","targetHints":{"allow":["GET"]}}],"collection":[{"href":"https:\/\/portal.kre.hu\/kresc\/wp-json\/wp\/v2\/posts"}],"about":[{"href":"https:\/\/portal.kre.hu\/kresc\/wp-json\/wp\/v2\/types\/post"}],"author":[{"embeddable":true,"href":"https:\/\/portal.kre.hu\/kresc\/wp-json\/wp\/v2\/users\/1"}],"replies":[{"embeddable":true,"href":"https:\/\/portal.kre.hu\/kresc\/wp-json\/wp\/v2\/comments?post=727"}],"version-history":[{"count":3,"href":"https:\/\/portal.kre.hu\/kresc\/wp-json\/wp\/v2\/posts\/727\/revisions"}],"predecessor-version":[{"id":731,"href":"https:\/\/portal.kre.hu\/kresc\/wp-json\/wp\/v2\/posts\/727\/revisions\/731"}],"wp:featuredmedia":[{"embeddable":true,"href":"https:\/\/portal.kre.hu\/kresc\/wp-json\/wp\/v2\/media\/728"}],"wp:attachment":[{"href":"https:\/\/portal.kre.hu\/kresc\/wp-json\/wp\/v2\/media?parent=727"}],"wp:term":[{"taxonomy":"category","embeddable":true,"href":"https:\/\/portal.kre.hu\/kresc\/wp-json\/wp\/v2\/categories?post=727"},{"taxonomy":"post_tag","embeddable":true,"href":"https:\/\/portal.kre.hu\/kresc\/wp-json\/wp\/v2\/tags?post=727"}],"curies":[{"name":"wp","href":"https:\/\/api.w.org\/{rel}","templated":true}]}}