{"id":737,"date":"2026-07-20T11:20:48","date_gmt":"2026-07-20T09:20:48","guid":{"rendered":"https:\/\/portal.kre.hu\/kresc\/?p=737"},"modified":"2026-07-20T11:25:46","modified_gmt":"2026-07-20T09:25:46","slug":"karolis-csapatok-az-europai-egyetemi-jatekokon","status":"publish","type":"post","link":"https:\/\/portal.kre.hu\/kresc\/karolis-csapatok-az-europai-egyetemi-jatekokon\/","title":{"rendered":"K\u00e1rolis csapatok az Eur\u00f3pai Egyetemi J\u00e1t\u00e9kokon"},"content":{"rendered":"\n<p class=\"wp-block-paragraph\">J\u00falius 18-\u00e1n vette kezdet\u00e9t az Eur\u00f3pai Egyetemi J\u00e1t\u00e9kok, melynek id\u00e9n Olaszorsz\u00e1g, s azon bel\u00fcl Salerno v\u00e1rosa ad otthont. Egyetem\u00fcnk k\u00e9t sport\u00e1gban vesz r\u00e9szt az augusztus 1-ig tart\u00f3 megm\u00e9rettet\u00e9sen: int\u00e9zm\u00e9ny\u00fcnket a n\u0151i strandk\u00e9zilabda-csapat \u00e9s a n\u0151i strandr\u00f6plabda p\u00e1ros k\u00e9pviseli.<\/p>\n\n\n\n<p class=\"wp-block-paragraph\">Els\u0151k\u00e9nt j\u00falius 20-\u00e1n a n\u0151i strandk\u00e9zilabda-csapat l\u00e9p p\u00e1ly\u00e1ra a German Sport University Cologne ellen 17.45-kor. A k\u00e1rolis csapat tagjai: Cifrik Vir\u00e1g, Doszpoth Zsuzsanna, Farkas Tekla Andrea, Kenesei S\u00e1ra Eszter, Kiss Vir\u00e1g S\u00e1ra, Kov\u00e1cs Krisztina, Kreutz Kitti, Lov\u00e1sz Brigitta, Lov\u00e1sz D\u00f3ra Lilla, Papp D\u00f3ra Lujza, P\u00e1trovics Netti \u00e9s V\u00e1s\u00e1rhely R\u00e9ka Sarolta. A csapat kiv\u00e1l\u00f3 teljes\u00edtm\u00e9nnyel z\u00e1rta az elm\u00falt k\u00e9t egyetemi j\u00e1t\u00e9kokat is, 2024-ben \u00e9s 2022-ben is ez\u00fcst\u00e9remmel t\u00e9rtek haza hallgat\u00f3ink.<\/p>\n\n\n\n<p class=\"wp-block-paragraph\">N\u0151i strandr\u00f6plabda p\u00e1rosunkat Papp D\u00f3ra Lujza \u00e9s Lisztes Lili Szilvia alkotja, akik nemr\u00e9giben a 2026. \u00e9vi Strandr\u00f6plabda MEFOB-on a dobog\u00f3 legfels\u0151bb fok\u00e1ra \u00e1llhattak fel, \u00edgy bizakodva v\u00e1rj\u00e1k az Eur\u00f3pai Egyetemi J\u00e1t\u00e9kokon val\u00f3 szerepl\u00e9st is. A p\u00e1ros j\u00falius 28-\u00e1n kezdi meg versenyz\u00e9s\u00e9t.<\/p>\n\n\n\n<p class=\"wp-block-paragraph\">A legt\u00f6bb m\u00e9rk\u0151z\u00e9s \u00e9l\u0151ben k\u00f6vethet\u0151 az al\u00e1bbi oldalon:&nbsp;<a href=\"https:\/\/www.youtube.com\/@eug2026\/streams\" target=\"_blank\" rel=\"noreferrer noopener\">https:\/\/www.youtube.com\/@eug2026\/streams<\/a><\/p>\n\n\n\n<p class=\"wp-block-paragraph\"><em>Sok sikert k\u00edv\u00e1nunk versenyz\u0151inknek!<\/em><\/p>\n\n\n<div class=\"wp-block-image\">\n<figure class=\"alignleft is-resized\"><a href=\"https:\/\/portal.kre.hu\/images\/doc\/hirek\/2026\/07\/751058855_2493466574506688_1882798704991494107_n.jpg\" target=\"_blank\" rel=\"noreferrer noopener\"><img decoding=\"async\" src=\"https:\/\/portal.kre.hu\/images\/doc\/hirek\/2026\/07\/751058855_2493466574506688_1882798704991494107_n.jpg\" alt=\"Eur\u00f3pai Egyetemi J\u00e1t\u00e9kok - 2026 - fot\u00f3k\" style=\"width:359px;height:auto\"\/><\/a><\/figure>\n<\/div>\n\n<div class=\"wp-block-image\">\n<figure class=\"alignleft is-resized\"><a href=\"https:\/\/portal.kre.hu\/images\/doc\/hirek\/2026\/07\/731787926_1707064153631943_8065392269942654428_n.jpg\" target=\"_blank\" rel=\"noreferrer noopener\"><img decoding=\"async\" src=\"https:\/\/portal.kre.hu\/images\/doc\/hirek\/2026\/07\/731787926_1707064153631943_8065392269942654428_n.jpg\" alt=\"Eur\u00f3pai Egyetemi J\u00e1t\u00e9kok - 2026 - fot\u00f3k\" style=\"width:358px;height:auto\"\/><\/a><\/figure>\n<\/div>\n\n\n<figure class=\"wp-block-image is-resized\"><a href=\"https:\/\/portal.kre.hu\/images\/doc\/hirek\/2026\/07\/732494524_2010554063162911_7208488668231114095_n.jpg\" target=\"_blank\" rel=\"noreferrer noopener\"><img decoding=\"async\" src=\"https:\/\/portal.kre.hu\/images\/doc\/hirek\/2026\/07\/732494524_2010554063162911_7208488668231114095_n.jpg\" alt=\"Eur\u00f3pai Egyetemi J\u00e1t\u00e9kok - 2026 - fot\u00f3k\" style=\"width:357px;height:auto\"\/><\/a><\/figure>\n\n\n\n<ul class=\"wp-block-list\"><\/ul>\n","protected":false},"excerpt":{"rendered":"<p>J\u00falius 18-\u00e1n vette kezdet\u00e9t az Eur\u00f3pai Egyetemi J\u00e1t\u00e9kok, melynek id\u00e9n Olaszorsz\u00e1g, s azon bel\u00fcl Salerno v\u00e1rosa ad otthont. Egyetem\u00fcnk k\u00e9t sport\u00e1gban vesz r\u00e9szt az augusztus 1-ig tart\u00f3 megm\u00e9rettet\u00e9sen: int\u00e9zm\u00e9ny\u00fcnket a n\u0151i strandk\u00e9zilabda-csapat \u00e9s a n\u0151i strandr\u00f6plabda p\u00e1ros k\u00e9pviseli. Els\u0151k\u00e9nt j\u00falius 20-\u00e1n a n\u0151i strandk\u00e9zilabda-csapat l\u00e9p p\u00e1ly\u00e1ra a German Sport University Cologne ellen 17.45-kor. A k\u00e1rolis [&hellip;]<\/p>\n","protected":false},"author":1,"featured_media":738,"comment_status":"open","ping_status":"open","sticky":false,"template":"","format":"standard","meta":{"footnotes":""},"categories":[2],"tags":[],"class_list":["post-737","post","type-post","status-publish","format-standard","has-post-thumbnail","hentry","category-hirek"],"_links":{"self":[{"href":"https:\/\/portal.kre.hu\/kresc\/wp-json\/wp\/v2\/posts\/737","targetHints":{"allow":["GET"]}}],"collection":[{"href":"https:\/\/portal.kre.hu\/kresc\/wp-json\/wp\/v2\/posts"}],"about":[{"href":"https:\/\/portal.kre.hu\/kresc\/wp-json\/wp\/v2\/types\/post"}],"author":[{"embeddable":true,"href":"https:\/\/portal.kre.hu\/kresc\/wp-json\/wp\/v2\/users\/1"}],"replies":[{"embeddable":true,"href":"https:\/\/portal.kre.hu\/kresc\/wp-json\/wp\/v2\/comments?post=737"}],"version-history":[{"count":9,"href":"https:\/\/portal.kre.hu\/kresc\/wp-json\/wp\/v2\/posts\/737\/revisions"}],"predecessor-version":[{"id":747,"href":"https:\/\/portal.kre.hu\/kresc\/wp-json\/wp\/v2\/posts\/737\/revisions\/747"}],"wp:featuredmedia":[{"embeddable":true,"href":"https:\/\/portal.kre.hu\/kresc\/wp-json\/wp\/v2\/media\/738"}],"wp:attachment":[{"href":"https:\/\/portal.kre.hu\/kresc\/wp-json\/wp\/v2\/media?parent=737"}],"wp:term":[{"taxonomy":"category","embeddable":true,"href":"https:\/\/portal.kre.hu\/kresc\/wp-json\/wp\/v2\/categories?post=737"},{"taxonomy":"post_tag","embeddable":true,"href":"https:\/\/portal.kre.hu\/kresc\/wp-json\/wp\/v2\/tags?post=737"}],"curies":[{"name":"wp","href":"https:\/\/api.w.org\/{rel}","templated":true}]}}